{"id":3199,"date":"2010-05-05T23:30:39","date_gmt":"2010-05-05T22:30:39","guid":{"rendered":"https:\/\/nuriamompin.com\/lestrella-que-cercava-la-llum\/"},"modified":"2026-04-07T14:11:29","modified_gmt":"2026-04-07T13:11:29","slug":"lestrella-que-cercava-la-llum","status":"publish","type":"post","link":"https:\/\/nuriamompin.com\/ca\/lestrella-que-cercava-la-llum\/","title":{"rendered":"L&#8217;estrella que cercava la llum"},"content":{"rendered":"<p>[et_pb_section fb_built=&#8221;1&#8243; admin_label=&#8221;section&#8221; _builder_version=&#8221;4.16&#8243; global_colors_info=&#8221;{}&#8221;][et_pb_row admin_label=&#8221;row&#8221; _builder_version=&#8221;4.21.0&#8243; background_size=&#8221;initial&#8221; background_position=&#8221;top_left&#8221; background_repeat=&#8221;repeat&#8221; custom_padding=&#8221;30px|||||&#8221; global_colors_info=&#8221;{}&#8221;][et_pb_column type=&#8221;4_4&#8243; _builder_version=&#8221;4.16&#8243; custom_padding=&#8221;|||&#8221; global_colors_info=&#8221;{}&#8221; custom_padding__hover=&#8221;|||&#8221;][et_pb_text _builder_version=&#8221;4.21.0&#8243; _module_preset=&#8221;default&#8221; global_colors_info=&#8221;{}&#8221;]<\/p>\n<p>L&#8217;Estrella que cercava la llum \u00e9s un conte creat i il\u00b7lustrat amb els nois i noies de \u00cdtaca (hospitalitzaci\u00f3 salut mental de l&#8217;hospital Sant Joan de D\u00e9u de Barcelona ) en el transcurs de les sessions d&#8217;artter\u00e0pia.<\/p>\n<p>[\/et_pb_text][et_pb_code _builder_version=&#8221;4.21.0&#8243; _module_preset=&#8221;default&#8221; locked=&#8221;off&#8221; global_colors_info=&#8221;{}&#8221;]<iframe loading=\"lazy\" src=\"https:\/\/drive.google.com\/file\/d\/1L3V0IcLuIT5SfU7XAkGCoTdeJU1E613L\/preview\" width=\"640\" height=\"480\" allow=\"autoplay\"><\/iframe>[\/et_pb_code][\/et_pb_column][\/et_pb_row][\/et_pb_section]<\/p>\n","protected":false},"excerpt":{"rendered":"<p>L&#8217;Estrella que cercava la llum &eacute;s un conte creat i il&middot;lustrat amb els nois i noies de &Iacute;taca (hospitalitzaci&oacute; salut mental de l&#8217;hospital Sant Joan de D&eacute;u de Barcelona ) en el transcurs de les sessions d&#8217;artter&agrave;pia.<\/p>\n","protected":false},"author":1,"featured_media":2935,"comment_status":"closed","ping_status":"closed","sticky":false,"template":"","format":"standard","meta":{"_et_pb_use_builder":"on","_et_pb_old_content":"","_et_gb_content_width":"","_monsterinsights_skip_tracking":false},"categories":[84],"tags":[],"yoast_head":"<!-- This site is optimized with the Yoast SEO plugin v20.9 - https:\/\/yoast.com\/wordpress\/plugins\/seo\/ -->\n<title>L&#039;estrella que cercava la llum | N\u00faria Momp\u00edn Bustos<\/title>\n<meta name=\"robots\" content=\"index, follow, max-snippet:-1, max-image-preview:large, max-video-preview:-1\" \/>\n<link rel=\"canonical\" href=\"https:\/\/nuriamompin.com\/ca\/lestrella-que-cercava-la-llum\/\" \/>\n<meta property=\"og:locale\" content=\"ca_ES\" \/>\n<meta property=\"og:type\" content=\"article\" \/>\n<meta property=\"og:title\" content=\"L&#039;estrella que cercava la llum | N\u00faria Momp\u00edn Bustos\" \/>\n<meta property=\"og:description\" content=\"L&#039;Estrella que cercava la llum &eacute;s un conte creat i il&middot;lustrat amb els nois i noies de &Iacute;taca (hospitalitzaci&oacute; salut mental de l&#039;hospital Sant Joan de D&eacute;u de Barcelona ) en el transcurs de les sessions d&#039;artter&agrave;pia.\" \/>\n<meta property=\"og:url\" content=\"https:\/\/nuriamompin.com\/ca\/lestrella-que-cercava-la-llum\/\" \/>\n<meta property=\"og:site_name\" content=\"N\u00faria Momp\u00edn Bustos\" \/>\n<meta property=\"article:published_time\" content=\"2010-05-05T22:30:39+00:00\" \/>\n<meta property=\"article:modified_time\" content=\"2026-04-07T13:11:29+00:00\" \/>\n<meta property=\"og:image\" content=\"https:\/\/nuriamompin.com\/wp-content\/uploads\/2024\/01\/FELIZNAVIDAD.jpg\" \/>\n\t<meta property=\"og:image:width\" content=\"1851\" \/>\n\t<meta property=\"og:image:height\" content=\"1536\" \/>\n\t<meta property=\"og:image:type\" content=\"image\/jpeg\" \/>\n<meta name=\"author\" content=\"N\u00faria Mompin Bustos\" \/>\n<meta name=\"twitter:card\" content=\"summary_large_image\" \/>\n<meta name=\"twitter:label1\" content=\"Escrit per\" \/>\n\t<meta name=\"twitter:data1\" content=\"N\u00faria Mompin Bustos\" \/>\n\t<meta name=\"twitter:label2\" content=\"Temps estimat de lectura\" \/>\n\t<meta name=\"twitter:data2\" content=\"1 minut\" \/>\n<script type=\"application\/ld+json\" class=\"yoast-schema-graph\">{\"@context\":\"https:\/\/schema.org\",\"@graph\":[{\"@type\":\"WebPage\",\"@id\":\"https:\/\/nuriamompin.com\/ca\/lestrella-que-cercava-la-llum\/\",\"url\":\"https:\/\/nuriamompin.com\/ca\/lestrella-que-cercava-la-llum\/\",\"name\":\"L'estrella que cercava la llum | N\u00faria Momp\u00edn Bustos\",\"isPartOf\":{\"@id\":\"https:\/\/nuriamompin.com\/ca\/#website\"},\"datePublished\":\"2010-05-05T22:30:39+00:00\",\"dateModified\":\"2026-04-07T13:11:29+00:00\",\"author\":{\"@id\":\"https:\/\/nuriamompin.com\/ca\/#\/schema\/person\/8b132de6bfe66d577c3f72363e7cf739\"},\"breadcrumb\":{\"@id\":\"https:\/\/nuriamompin.com\/ca\/lestrella-que-cercava-la-llum\/#breadcrumb\"},\"inLanguage\":\"ca\",\"potentialAction\":[{\"@type\":\"ReadAction\",\"target\":[\"https:\/\/nuriamompin.com\/ca\/lestrella-que-cercava-la-llum\/\"]}]},{\"@type\":\"BreadcrumbList\",\"@id\":\"https:\/\/nuriamompin.com\/ca\/lestrella-que-cercava-la-llum\/#breadcrumb\",\"itemListElement\":[{\"@type\":\"ListItem\",\"position\":1,\"name\":\"Home\",\"item\":\"https:\/\/nuriamompin.com\/ca\/\"},{\"@type\":\"ListItem\",\"position\":2,\"name\":\"L&#8217;estrella que cercava la llum\"}]},{\"@type\":\"WebSite\",\"@id\":\"https:\/\/nuriamompin.com\/ca\/#website\",\"url\":\"https:\/\/nuriamompin.com\/ca\/\",\"name\":\"N\u00faria Momp\u00edn Bustos\",\"description\":\"Psic\u00f3loga y Arteterapeuta\",\"potentialAction\":[{\"@type\":\"SearchAction\",\"target\":{\"@type\":\"EntryPoint\",\"urlTemplate\":\"https:\/\/nuriamompin.com\/ca\/?s={search_term_string}\"},\"query-input\":\"required name=search_term_string\"}],\"inLanguage\":\"ca\"},{\"@type\":\"Person\",\"@id\":\"https:\/\/nuriamompin.com\/ca\/#\/schema\/person\/8b132de6bfe66d577c3f72363e7cf739\",\"name\":\"N\u00faria Mompin Bustos\",\"image\":{\"@type\":\"ImageObject\",\"inLanguage\":\"ca\",\"@id\":\"https:\/\/nuriamompin.com\/ca\/#\/schema\/person\/image\/\",\"url\":\"https:\/\/secure.gravatar.com\/avatar\/056bff7c2775e64b3d5986a71ce534c1?s=96&d=mm&r=g\",\"contentUrl\":\"https:\/\/secure.gravatar.com\/avatar\/056bff7c2775e64b3d5986a71ce534c1?s=96&d=mm&r=g\",\"caption\":\"N\u00faria Mompin Bustos\"},\"sameAs\":[\"https:\/\/nuriamompin.com\"]}]}<\/script>\n<!-- \/ Yoast SEO plugin. -->","yoast_head_json":{"title":"L'estrella que cercava la llum | N\u00faria Momp\u00edn Bustos","robots":{"index":"index","follow":"follow","max-snippet":"max-snippet:-1","max-image-preview":"max-image-preview:large","max-video-preview":"max-video-preview:-1"},"canonical":"https:\/\/nuriamompin.com\/ca\/lestrella-que-cercava-la-llum\/","og_locale":"ca_ES","og_type":"article","og_title":"L'estrella que cercava la llum | N\u00faria Momp\u00edn Bustos","og_description":"L'Estrella que cercava la llum &eacute;s un conte creat i il&middot;lustrat amb els nois i noies de &Iacute;taca (hospitalitzaci&oacute; salut mental de l'hospital Sant Joan de D&eacute;u de Barcelona ) en el transcurs de les sessions d'artter&agrave;pia.","og_url":"https:\/\/nuriamompin.com\/ca\/lestrella-que-cercava-la-llum\/","og_site_name":"N\u00faria Momp\u00edn Bustos","article_published_time":"2010-05-05T22:30:39+00:00","article_modified_time":"2026-04-07T13:11:29+00:00","og_image":[{"width":1851,"height":1536,"url":"https:\/\/nuriamompin.com\/wp-content\/uploads\/2024\/01\/FELIZNAVIDAD.jpg","type":"image\/jpeg"}],"author":"N\u00faria Mompin Bustos","twitter_card":"summary_large_image","twitter_misc":{"Escrit per":"N\u00faria Mompin Bustos","Temps estimat de lectura":"1 minut"},"schema":{"@context":"https:\/\/schema.org","@graph":[{"@type":"WebPage","@id":"https:\/\/nuriamompin.com\/ca\/lestrella-que-cercava-la-llum\/","url":"https:\/\/nuriamompin.com\/ca\/lestrella-que-cercava-la-llum\/","name":"L'estrella que cercava la llum | N\u00faria Momp\u00edn Bustos","isPartOf":{"@id":"https:\/\/nuriamompin.com\/ca\/#website"},"datePublished":"2010-05-05T22:30:39+00:00","dateModified":"2026-04-07T13:11:29+00:00","author":{"@id":"https:\/\/nuriamompin.com\/ca\/#\/schema\/person\/8b132de6bfe66d577c3f72363e7cf739"},"breadcrumb":{"@id":"https:\/\/nuriamompin.com\/ca\/lestrella-que-cercava-la-llum\/#breadcrumb"},"inLanguage":"ca","potentialAction":[{"@type":"ReadAction","target":["https:\/\/nuriamompin.com\/ca\/lestrella-que-cercava-la-llum\/"]}]},{"@type":"BreadcrumbList","@id":"https:\/\/nuriamompin.com\/ca\/lestrella-que-cercava-la-llum\/#breadcrumb","itemListElement":[{"@type":"ListItem","position":1,"name":"Home","item":"https:\/\/nuriamompin.com\/ca\/"},{"@type":"ListItem","position":2,"name":"L&#8217;estrella que cercava la llum"}]},{"@type":"WebSite","@id":"https:\/\/nuriamompin.com\/ca\/#website","url":"https:\/\/nuriamompin.com\/ca\/","name":"N\u00faria Momp\u00edn Bustos","description":"Psic\u00f3loga y Arteterapeuta","potentialAction":[{"@type":"SearchAction","target":{"@type":"EntryPoint","urlTemplate":"https:\/\/nuriamompin.com\/ca\/?s={search_term_string}"},"query-input":"required name=search_term_string"}],"inLanguage":"ca"},{"@type":"Person","@id":"https:\/\/nuriamompin.com\/ca\/#\/schema\/person\/8b132de6bfe66d577c3f72363e7cf739","name":"N\u00faria Mompin Bustos","image":{"@type":"ImageObject","inLanguage":"ca","@id":"https:\/\/nuriamompin.com\/ca\/#\/schema\/person\/image\/","url":"https:\/\/secure.gravatar.com\/avatar\/056bff7c2775e64b3d5986a71ce534c1?s=96&d=mm&r=g","contentUrl":"https:\/\/secure.gravatar.com\/avatar\/056bff7c2775e64b3d5986a71ce534c1?s=96&d=mm&r=g","caption":"N\u00faria Mompin Bustos"},"sameAs":["https:\/\/nuriamompin.com"]}]}},"_links":{"self":[{"href":"https:\/\/nuriamompin.com\/ca\/wp-json\/wp\/v2\/posts\/3199"}],"collection":[{"href":"https:\/\/nuriamompin.com\/ca\/wp-json\/wp\/v2\/posts"}],"about":[{"href":"https:\/\/nuriamompin.com\/ca\/wp-json\/wp\/v2\/types\/post"}],"author":[{"embeddable":true,"href":"https:\/\/nuriamompin.com\/ca\/wp-json\/wp\/v2\/users\/1"}],"replies":[{"embeddable":true,"href":"https:\/\/nuriamompin.com\/ca\/wp-json\/wp\/v2\/comments?post=3199"}],"version-history":[{"count":4,"href":"https:\/\/nuriamompin.com\/ca\/wp-json\/wp\/v2\/posts\/3199\/revisions"}],"predecessor-version":[{"id":3730,"href":"https:\/\/nuriamompin.com\/ca\/wp-json\/wp\/v2\/posts\/3199\/revisions\/3730"}],"wp:featuredmedia":[{"embeddable":true,"href":"https:\/\/nuriamompin.com\/ca\/wp-json\/wp\/v2\/media\/2935"}],"wp:attachment":[{"href":"https:\/\/nuriamompin.com\/ca\/wp-json\/wp\/v2\/media?parent=3199"}],"wp:term":[{"taxonomy":"category","embeddable":true,"href":"https:\/\/nuriamompin.com\/ca\/wp-json\/wp\/v2\/categories?post=3199"},{"taxonomy":"post_tag","embeddable":true,"href":"https:\/\/nuriamompin.com\/ca\/wp-json\/wp\/v2\/tags?post=3199"}],"curies":[{"name":"wp","href":"https:\/\/api.w.org\/{rel}","templated":true}]}}