{"id":3196,"date":"2016-04-04T23:02:57","date_gmt":"2016-04-04T22:02:57","guid":{"rendered":"https:\/\/nuriamompin.com\/entrevista-artterapia-i-emocions\/"},"modified":"2026-05-19T11:10:34","modified_gmt":"2026-05-19T10:10:34","slug":"entrevista-artterapia-i-emocions","status":"publish","type":"post","link":"https:\/\/nuriamompin.com\/ca\/entrevista-artterapia-i-emocions\/","title":{"rendered":"Entrevista. Artter\u00e0pia i emocions"},"content":{"rendered":"<p>[et_pb_section fb_built=&#8221;1&#8243; admin_label=&#8221;section&#8221; _builder_version=&#8221;4.16&#8243; global_colors_info=&#8221;{}&#8221;][et_pb_row admin_label=&#8221;row&#8221; _builder_version=&#8221;4.21.0&#8243; background_size=&#8221;initial&#8221; background_position=&#8221;top_left&#8221; background_repeat=&#8221;repeat&#8221; custom_padding=&#8221;30px|||||&#8221; global_colors_info=&#8221;{}&#8221;][et_pb_column type=&#8221;4_4&#8243; _builder_version=&#8221;4.16&#8243; custom_padding=&#8221;|||&#8221; global_colors_info=&#8221;{}&#8221; custom_padding__hover=&#8221;|||&#8221;][et_pb_text _builder_version=&#8221;4.21.0&#8243; _module_preset=&#8221;default&#8221; global_colors_info=&#8221;{}&#8221;]<\/p>\n<p>En aquesta entrevista en el peri\u00f2dic basc\u00a0Trsikelate, explico qu\u00e8 \u00e9s aix\u00f2 al que anomenem Artter\u00e0pia, el seu origen, els seus objectius i funcions en l&#8217;\u00e0mbit cl\u00ednic\/sanitari, i com la implemento a l&#8217;hospital Sant Joan de\u00a0D\u00e9u\u00a0de Barcelona per a acompanyar a nens i adolescents amb c\u00e0ncer i altres afeccions m\u00e8diques greus.<\/p>\n<p>Llegir entrevista completa <a href=\"https:\/\/triskelate.com\/arte-terapia-expresion-de-las-emociones\">aqu\u00ed<\/a><\/p>\n<p>[\/et_pb_text][\/et_pb_column][\/et_pb_row][\/et_pb_section]<\/p>\n","protected":false},"excerpt":{"rendered":"<p>En aquesta entrevista en el peri&ograve;dic basc&nbsp;Trsikelate, explico qu&egrave; &eacute;s aix&ograve; al que anomenem Artter&agrave;pia, el seu origen, els seus objectius i funcions en l&#8217;&agrave;mbit cl&iacute;nic\/sanitari, i com la implemento a l&#8217;hospital Sant Joan de&nbsp;D&eacute;u&nbsp;de Barcelona per a acompanyar a nens i adolescents amb c&agrave;ncer i altres afeccions m&egrave;diques greus. Llegir entrevista completa aqu&iacute;<\/p>\n","protected":false},"author":1,"featured_media":3763,"comment_status":"closed","ping_status":"closed","sticky":false,"template":"","format":"standard","meta":{"_et_pb_use_builder":"on","_et_pb_old_content":"","_et_gb_content_width":"","_monsterinsights_skip_tracking":false},"categories":[84,80],"tags":[],"yoast_head":"<!-- This site is optimized with the Yoast SEO plugin v20.9 - https:\/\/yoast.com\/wordpress\/plugins\/seo\/ -->\n<title>Entrevista. Artter\u00e0pia i emocions | N\u00faria Momp\u00edn Bustos<\/title>\n<meta name=\"robots\" content=\"index, follow, max-snippet:-1, max-image-preview:large, max-video-preview:-1\" \/>\n<link rel=\"canonical\" href=\"https:\/\/nuriamompin.com\/ca\/entrevista-artterapia-i-emocions\/\" \/>\n<meta property=\"og:locale\" content=\"ca_ES\" \/>\n<meta property=\"og:type\" content=\"article\" \/>\n<meta property=\"og:title\" content=\"Entrevista. Artter\u00e0pia i emocions | N\u00faria Momp\u00edn Bustos\" \/>\n<meta property=\"og:description\" content=\"En aquesta entrevista en el peri&ograve;dic basc&nbsp;Trsikelate, explico qu&egrave; &eacute;s aix&ograve; al que anomenem Artter&agrave;pia, el seu origen, els seus objectius i funcions en l&#039;&agrave;mbit cl&iacute;nic\/sanitari, i com la implemento a l&#039;hospital Sant Joan de&nbsp;D&eacute;u&nbsp;de Barcelona per a acompanyar a nens i adolescents amb c&agrave;ncer i altres afeccions m&egrave;diques greus. Llegir entrevista completa aqu&iacute;\" \/>\n<meta property=\"og:url\" content=\"https:\/\/nuriamompin.com\/ca\/entrevista-artterapia-i-emocions\/\" \/>\n<meta property=\"og:site_name\" content=\"N\u00faria Momp\u00edn Bustos\" \/>\n<meta property=\"article:published_time\" content=\"2016-04-04T22:02:57+00:00\" \/>\n<meta property=\"article:modified_time\" content=\"2026-05-19T10:10:34+00:00\" \/>\n<meta property=\"og:image\" content=\"https:\/\/nuriamompin.com\/wp-content\/uploads\/2026\/05\/foto-cv-nuria-mompin2.jpg\" \/>\n\t<meta property=\"og:image:width\" content=\"900\" \/>\n\t<meta property=\"og:image:height\" content=\"684\" \/>\n\t<meta property=\"og:image:type\" content=\"image\/jpeg\" \/>\n<meta name=\"author\" content=\"N\u00faria Mompin Bustos\" \/>\n<meta name=\"twitter:card\" content=\"summary_large_image\" \/>\n<meta name=\"twitter:label1\" content=\"Escrit per\" \/>\n\t<meta name=\"twitter:data1\" content=\"N\u00faria Mompin Bustos\" \/>\n\t<meta name=\"twitter:label2\" content=\"Temps estimat de lectura\" \/>\n\t<meta name=\"twitter:data2\" content=\"1 minut\" \/>\n<script type=\"application\/ld+json\" class=\"yoast-schema-graph\">{\"@context\":\"https:\/\/schema.org\",\"@graph\":[{\"@type\":\"WebPage\",\"@id\":\"https:\/\/nuriamompin.com\/ca\/entrevista-artterapia-i-emocions\/\",\"url\":\"https:\/\/nuriamompin.com\/ca\/entrevista-artterapia-i-emocions\/\",\"name\":\"Entrevista. Artter\u00e0pia i emocions | N\u00faria Momp\u00edn Bustos\",\"isPartOf\":{\"@id\":\"https:\/\/nuriamompin.com\/ca\/#website\"},\"datePublished\":\"2016-04-04T22:02:57+00:00\",\"dateModified\":\"2026-05-19T10:10:34+00:00\",\"author\":{\"@id\":\"https:\/\/nuriamompin.com\/ca\/#\/schema\/person\/8b132de6bfe66d577c3f72363e7cf739\"},\"breadcrumb\":{\"@id\":\"https:\/\/nuriamompin.com\/ca\/entrevista-artterapia-i-emocions\/#breadcrumb\"},\"inLanguage\":\"ca\",\"potentialAction\":[{\"@type\":\"ReadAction\",\"target\":[\"https:\/\/nuriamompin.com\/ca\/entrevista-artterapia-i-emocions\/\"]}]},{\"@type\":\"BreadcrumbList\",\"@id\":\"https:\/\/nuriamompin.com\/ca\/entrevista-artterapia-i-emocions\/#breadcrumb\",\"itemListElement\":[{\"@type\":\"ListItem\",\"position\":1,\"name\":\"Home\",\"item\":\"https:\/\/nuriamompin.com\/ca\/\"},{\"@type\":\"ListItem\",\"position\":2,\"name\":\"Entrevista. Artter\u00e0pia i emocions\"}]},{\"@type\":\"WebSite\",\"@id\":\"https:\/\/nuriamompin.com\/ca\/#website\",\"url\":\"https:\/\/nuriamompin.com\/ca\/\",\"name\":\"N\u00faria Momp\u00edn Bustos\",\"description\":\"Psic\u00f3loga y Arteterapeuta\",\"potentialAction\":[{\"@type\":\"SearchAction\",\"target\":{\"@type\":\"EntryPoint\",\"urlTemplate\":\"https:\/\/nuriamompin.com\/ca\/?s={search_term_string}\"},\"query-input\":\"required name=search_term_string\"}],\"inLanguage\":\"ca\"},{\"@type\":\"Person\",\"@id\":\"https:\/\/nuriamompin.com\/ca\/#\/schema\/person\/8b132de6bfe66d577c3f72363e7cf739\",\"name\":\"N\u00faria Mompin Bustos\",\"image\":{\"@type\":\"ImageObject\",\"inLanguage\":\"ca\",\"@id\":\"https:\/\/nuriamompin.com\/ca\/#\/schema\/person\/image\/\",\"url\":\"https:\/\/secure.gravatar.com\/avatar\/056bff7c2775e64b3d5986a71ce534c1?s=96&d=mm&r=g\",\"contentUrl\":\"https:\/\/secure.gravatar.com\/avatar\/056bff7c2775e64b3d5986a71ce534c1?s=96&d=mm&r=g\",\"caption\":\"N\u00faria Mompin Bustos\"},\"sameAs\":[\"https:\/\/nuriamompin.com\"]}]}<\/script>\n<!-- \/ Yoast SEO plugin. -->","yoast_head_json":{"title":"Entrevista. Artter\u00e0pia i emocions | N\u00faria Momp\u00edn Bustos","robots":{"index":"index","follow":"follow","max-snippet":"max-snippet:-1","max-image-preview":"max-image-preview:large","max-video-preview":"max-video-preview:-1"},"canonical":"https:\/\/nuriamompin.com\/ca\/entrevista-artterapia-i-emocions\/","og_locale":"ca_ES","og_type":"article","og_title":"Entrevista. Artter\u00e0pia i emocions | N\u00faria Momp\u00edn Bustos","og_description":"En aquesta entrevista en el peri&ograve;dic basc&nbsp;Trsikelate, explico qu&egrave; &eacute;s aix&ograve; al que anomenem Artter&agrave;pia, el seu origen, els seus objectius i funcions en l'&agrave;mbit cl&iacute;nic\/sanitari, i com la implemento a l'hospital Sant Joan de&nbsp;D&eacute;u&nbsp;de Barcelona per a acompanyar a nens i adolescents amb c&agrave;ncer i altres afeccions m&egrave;diques greus. Llegir entrevista completa aqu&iacute;","og_url":"https:\/\/nuriamompin.com\/ca\/entrevista-artterapia-i-emocions\/","og_site_name":"N\u00faria Momp\u00edn Bustos","article_published_time":"2016-04-04T22:02:57+00:00","article_modified_time":"2026-05-19T10:10:34+00:00","og_image":[{"width":900,"height":684,"url":"https:\/\/nuriamompin.com\/wp-content\/uploads\/2026\/05\/foto-cv-nuria-mompin2.jpg","type":"image\/jpeg"}],"author":"N\u00faria Mompin Bustos","twitter_card":"summary_large_image","twitter_misc":{"Escrit per":"N\u00faria Mompin Bustos","Temps estimat de lectura":"1 minut"},"schema":{"@context":"https:\/\/schema.org","@graph":[{"@type":"WebPage","@id":"https:\/\/nuriamompin.com\/ca\/entrevista-artterapia-i-emocions\/","url":"https:\/\/nuriamompin.com\/ca\/entrevista-artterapia-i-emocions\/","name":"Entrevista. Artter\u00e0pia i emocions | N\u00faria Momp\u00edn Bustos","isPartOf":{"@id":"https:\/\/nuriamompin.com\/ca\/#website"},"datePublished":"2016-04-04T22:02:57+00:00","dateModified":"2026-05-19T10:10:34+00:00","author":{"@id":"https:\/\/nuriamompin.com\/ca\/#\/schema\/person\/8b132de6bfe66d577c3f72363e7cf739"},"breadcrumb":{"@id":"https:\/\/nuriamompin.com\/ca\/entrevista-artterapia-i-emocions\/#breadcrumb"},"inLanguage":"ca","potentialAction":[{"@type":"ReadAction","target":["https:\/\/nuriamompin.com\/ca\/entrevista-artterapia-i-emocions\/"]}]},{"@type":"BreadcrumbList","@id":"https:\/\/nuriamompin.com\/ca\/entrevista-artterapia-i-emocions\/#breadcrumb","itemListElement":[{"@type":"ListItem","position":1,"name":"Home","item":"https:\/\/nuriamompin.com\/ca\/"},{"@type":"ListItem","position":2,"name":"Entrevista. Artter\u00e0pia i emocions"}]},{"@type":"WebSite","@id":"https:\/\/nuriamompin.com\/ca\/#website","url":"https:\/\/nuriamompin.com\/ca\/","name":"N\u00faria Momp\u00edn Bustos","description":"Psic\u00f3loga y Arteterapeuta","potentialAction":[{"@type":"SearchAction","target":{"@type":"EntryPoint","urlTemplate":"https:\/\/nuriamompin.com\/ca\/?s={search_term_string}"},"query-input":"required name=search_term_string"}],"inLanguage":"ca"},{"@type":"Person","@id":"https:\/\/nuriamompin.com\/ca\/#\/schema\/person\/8b132de6bfe66d577c3f72363e7cf739","name":"N\u00faria Mompin Bustos","image":{"@type":"ImageObject","inLanguage":"ca","@id":"https:\/\/nuriamompin.com\/ca\/#\/schema\/person\/image\/","url":"https:\/\/secure.gravatar.com\/avatar\/056bff7c2775e64b3d5986a71ce534c1?s=96&d=mm&r=g","contentUrl":"https:\/\/secure.gravatar.com\/avatar\/056bff7c2775e64b3d5986a71ce534c1?s=96&d=mm&r=g","caption":"N\u00faria Mompin Bustos"},"sameAs":["https:\/\/nuriamompin.com"]}]}},"_links":{"self":[{"href":"https:\/\/nuriamompin.com\/ca\/wp-json\/wp\/v2\/posts\/3196"}],"collection":[{"href":"https:\/\/nuriamompin.com\/ca\/wp-json\/wp\/v2\/posts"}],"about":[{"href":"https:\/\/nuriamompin.com\/ca\/wp-json\/wp\/v2\/types\/post"}],"author":[{"embeddable":true,"href":"https:\/\/nuriamompin.com\/ca\/wp-json\/wp\/v2\/users\/1"}],"replies":[{"embeddable":true,"href":"https:\/\/nuriamompin.com\/ca\/wp-json\/wp\/v2\/comments?post=3196"}],"version-history":[{"count":2,"href":"https:\/\/nuriamompin.com\/ca\/wp-json\/wp\/v2\/posts\/3196\/revisions"}],"predecessor-version":[{"id":3764,"href":"https:\/\/nuriamompin.com\/ca\/wp-json\/wp\/v2\/posts\/3196\/revisions\/3764"}],"wp:featuredmedia":[{"embeddable":true,"href":"https:\/\/nuriamompin.com\/ca\/wp-json\/wp\/v2\/media\/3763"}],"wp:attachment":[{"href":"https:\/\/nuriamompin.com\/ca\/wp-json\/wp\/v2\/media?parent=3196"}],"wp:term":[{"taxonomy":"category","embeddable":true,"href":"https:\/\/nuriamompin.com\/ca\/wp-json\/wp\/v2\/categories?post=3196"},{"taxonomy":"post_tag","embeddable":true,"href":"https:\/\/nuriamompin.com\/ca\/wp-json\/wp\/v2\/tags?post=3196"}],"curies":[{"name":"wp","href":"https:\/\/api.w.org\/{rel}","templated":true}]}}