{"id":2718,"date":"2023-01-16T10:36:00","date_gmt":"2023-01-16T10:36:00","guid":{"rendered":"https:\/\/nuriamompin.com\/?p=2718"},"modified":"2026-08-25T11:53:46","modified_gmt":"2026-08-25T10:53:46","slug":"model-affoltern-hospital-am-albis-de-suissa-basat-en-la-artterapia","status":"publish","type":"post","link":"https:\/\/nuriamompin.com\/ca\/model-affoltern-hospital-am-albis-de-suissa-basat-en-la-artterapia\/","title":{"rendered":"El model Affoltern Hospital Am Albis de Su\u00efssa basat en la Artter\u00e0pia"},"content":{"rendered":"\n<p>A l&#8217;Affoltern Hospital Am Albis de Su\u00efssa es va enfortir gradualment la convicci\u00f3 de que a la medicina era imprescindible un nou enfocament a l&#8217;\u00e9sser hum\u00e0; una visi\u00f3 hol\u00edstica de l&#8217;\u00e9sser hum\u00e0, integral, amb la seva estructura de cos\/\u00e0nima\/esperit inseparables. Una imatge hol\u00edstica de l&#8217;home exigeix, en conseq\u00fc\u00e8ncia, unes cures m\u00e9s hol\u00edstiques a tots els estats de malaltia imaginables. El model Affoltern \u00e9s m\u00e9s que un mer suplement de treball m\u00e8dic tradicional mitjan\u00e7ant una forma especial de psicoter\u00e0pia basada en una comprensi\u00f3 hol\u00edstica de la malaltia i un concepte integral de l\u2019home. Tamb\u00e9 abra\u00e7a la continuaci\u00f3 de la interconnexi\u00f3 (formaci\u00f3 de xarxes), ja iniciada sota Peider Mohr. Es basa fonamentalment en les condicions existencials de l\u2019\u00e9sser hum\u00e0.<\/p>\n\n\n\n<p>En aquest hospital, tots els pacients que hi arriben, primer s\u00f3n rebuts pel servei d&#8217;<a href=\"https:\/\/nuriamompin.com\" target=\"_blank\" rel=\"noreferrer noopener\">Artter\u00e0pia<\/a>, i ser\u00e0 aquest el que els derivar\u00e0 a l&#8217;especialitat corresponent, despr\u00e9s d&#8217;avaluar com es troba emocionalment la persona, i, per tant, integrant la dimensi\u00f3 psicol\u00f2gica i espiritual de les persones en la curaci\u00f3 de les afeccions m\u00e8diques.<\/p>\n\n\n\n<p>Segons Hess i Hess-Cabalzar (2008), els pols oposats a primera vista s&#8217;han d&#8217;entendre com a pols complementaris que es condicionen m\u00fatuament, d&#8217;una realitat inseparable que sovint no es pot recon\u00e8ixer immediatament.<\/p>\n\n\n\n<p>De moment, nom\u00e9s cal afirmar que la salut i la malaltia s\u00f3n dos termes polars que no es poden separar sense detriment.<\/p>\n\n\n\n<p>El naixement i la mort no s\u00f3n contraris sin\u00f3 polaritats que es condicionen m\u00fatuament i s&#8217;originen for\u00e7osament.<\/p>\n\n\n\n<p>La vida \u00e9s la tensi\u00f3 energ\u00e8tica que es produeix quan tots dos pols \u2013el naixement i la mort\u2013 existeixen, igual que passa amb l&#8217;electricitat. No importa quin dels pols elimina; en tot cas, s&#8217;elimina el fenomen sencer.<\/p>\n\n\n\n<p>La psicosom\u00e0tica universal no significa altra cosa que acceptar que, a cada moment de l&#8217;\u00e9sser, i per tant en tot estat de malalt en particular, es manifesten sempre els tres aspectes, \u00e9s a dir cos, \u00e0nima (ment) i esperit i, aix\u00ed , entrem al nucli de la q\u00fcesti\u00f3: la viv\u00e8ncia de la malaltia per part del pacient.<\/p>\n\n\n\n<p>Per els mateixos autors, els sistemes sanitaris moderns de les anomenades nacions industrialitzades s&#8217;han comprom\u00e8s en la defensa de la salut contra les malalties i la lluita contra la mort per conservar la vida. La lluita contra la mort \u00e9s una lluita absurda i ut\u00f2pica perqu\u00e8 no fa just\u00edcia respecte a les estructures b\u00e0siques de la vida.<\/p>\n\n\n\n<p>Un sistema sanitari que percep la mort nom\u00e9s com l&#8217;oponent que cal combatre \u00e9s, en definitiva, un sistema hostil a la vida, ja que pret\u00e9n eliminar un dels dos pilars fonamentals que fan possible que hi hagi vida.<\/p>\n\n\n\n<p>Un nou enfocament de la medicina haur\u00e0 de tenir en compte en primer lloc:<\/p>\n\n\n\n<ul>\n<li>Morir ha de ser possible com a contra proc\u00e9s de la vida, altrament la vida s&#8217;ofega.<\/li>\n\n\n\n<li>La mort com a punt final de l&#8217;exist\u00e8ncia temporal ha de ser inclosa i no ha de ser combatuda o reprimida a\u00eflladament, sin\u00f3 que ens lliurem en una lluita contra la infinitud.<\/li>\n<\/ul>\n\n\n\n<p>La medicina cient\u00edfica natural contesta aquestes preguntes sobre el perqu\u00e8 amb resposta sobre com. L&#8217;an\u00e0lisi funcional de les ci\u00e8ncies naturals, per molt important i correcta que pugui ser per a certes q\u00fcestions de l&#8217;estar malalt, no \u00e9s capa\u00e7 d&#8217;il\u00b7luminar aquesta \u00e0rea espiritual.<\/p>\n\n\n\n<p>Aleshores, la pregunta decisiva, ara \u00e9s: qu\u00e8 et falta? Perqu\u00e8 es tracta precisament d&#8217;aix\u00f2 en estar malalt: qu\u00e8 em falta que m&#8217;ha fet perdre l&#8217;equilibri de l&#8217;\u00e9sser? Qu\u00e8 em manca per estar sencer?<\/p>\n\n\n\n<p>Es tracta d&#8217;obtenir una nova comprensi\u00f3, a m\u00e9s de les intervencions de la medicina cient\u00edfica i d&#8217;altres ter\u00e0pies, noves percepcions personals que poden obrir camins que abans possiblement estaven tancats. Camins que ajuden a permetre que all\u00f2 que falta pugui manifestar-se.<\/p>\n\n\n\n<p>D&#8217;aquesta manera, estar malalts \u00e9s una crida a la curaci\u00f3, si l&#8217;inici de la curaci\u00f3, evita que seguim malalts, en el profund del nostre \u00e9sser.<\/p>\n\n\n\n<p>Estar malalt es converteix en un indicador del cam\u00ed per a nosaltres i no \u00e9s, a priori, un adversari que cal combatre amb tots els mitjans. Una de les paraules de Carl Gustav Jung: \u201cno \u00e9s la malaltia la que es guareix, sin\u00f3 que \u00e9s ella la que ens guareix a nosaltres. L&#8217;home est\u00e0 malalt, per\u00f2 la malaltia \u00e9s l&#8217;intent de la naturalesa de guarir-lo. O sigui que podem aprendre molt de la malaltia per a la nostra salut\u201d.<\/p>\n\n\n\n<p>V\u00edctor Frankl, el fundador de la logoter\u00e0pia, va escriure sobre aquest tema: &#8220;el que impulsa l&#8217;\u00e9sser hum\u00e0 no s\u00f3n nom\u00e9s els seus problemes i conflictes neur\u00f2tics, sin\u00f3 la seva vida completa a la qual examina constantment per verificar si t\u00e9 sentit per a ell&#8221;. O b\u00e9: \u201cla vida pregunta, nosaltres contestem\u201d.<\/p>\n\n\n\n<div style=\"height:30px\" aria-hidden=\"true\" class=\"wp-block-spacer\"><\/div>\n\n\n\n<div style=\"height:30px\" aria-hidden=\"true\" class=\"wp-block-spacer\"><\/div>\n\n\n\n<p>Aleshores, estar sa significaria ser capa\u00e7 d&#8217;afrontar les q\u00fcestions de la vida, buscant les pr\u00f2pies respostes, dissenyant-les amb \u00e0mplia llibertat, i essent-ne responsable. Per\u00f2 tamb\u00e9 significaria percebre all\u00f2 que s&#8217;hi amaga.<\/p>\n\n\n\n<p>Tots nosaltres semblem saber espont\u00e0niament all\u00f2 que la curaci\u00f3 hauria de ser: l&#8217;alliberament de s\u00edmptomes i limitacions, aix\u00ed com el restabliment de la salut perduda. Per\u00f2 no \u00e9s tan banal.<\/p>\n\n\n\n<p>La paraula curaci\u00f3 cont\u00e9 \u201ccura\u201d, que estableix una relaci\u00f3 amb continguts espirituals religiosos. \u201cTer\u00e0pia\u201d ve del grec, que es pot traduir com servir, cuidar, protegir. Aleshores, etimol\u00f2gicament, les dues paraules van molt m\u00e9s enll\u00e0 de la mera reparaci\u00f3 i fan refer\u00e8ncia al servei i al curar aquella totalitat que vivim.<\/p>\n\n\n\n<p>L&#8217;ess\u00e8ncia de la curaci\u00f3 consisteix a donar-li al pacient l&#8217;ajuda que el capacita per assolir un nou equilibri mitjan\u00e7ant la seva acci\u00f3. Perqu\u00e8 la curaci\u00f3 mai no es pot produir des de fora: nom\u00e9s la naturalesa individual, inconfusible de cada persona pot curar; els metges, infermeres, psicoterapeutes i practicants de medicina complement\u00e0ria nom\u00e9s poden, en el millor dels casos, intentar crear les condicions \u00f2ptimes per permetre la curaci\u00f3.<\/p>\n\n\n\n<p>Amb tot aix\u00f2, s&#8217;arriba novament a la conclusi\u00f3 que un sistema sanitari que pretengui satisfer totes les exig\u00e8ncies de curaci\u00f3 ha de ser interdisciplinari.<\/p>\n\n\n\n<div style=\"height:30px\" aria-hidden=\"true\" class=\"wp-block-spacer\"><\/div>\n","protected":false},"excerpt":{"rendered":"<p>A l&rsquo;Affoltern Hospital Am Albis de Su&iuml;ssa es va enfortir gradualment la convicci&oacute; de que a la medicina era imprescindible un nou enfocament a l&rsquo;&eacute;sser hum&agrave;; una visi&oacute; hol&iacute;stica de l&rsquo;&eacute;sser hum&agrave;, integral, amb la seva estructura de cos\/&agrave;nima\/esperit inseparables. Una imatge hol&iacute;stica de l&rsquo;home exigeix, en conseq&uuml;&egrave;ncia, unes cures m&eacute;s hol&iacute;stiques a tots els [&hellip;]<\/p>\n","protected":false},"author":1,"featured_media":3789,"comment_status":"closed","ping_status":"closed","sticky":false,"template":"","format":"standard","meta":{"_et_pb_use_builder":"off","_et_pb_old_content":"","_et_gb_content_width":"","_monsterinsights_skip_tracking":false},"categories":[79],"tags":[],"yoast_head":"<!-- This site is optimized with the Yoast SEO plugin v20.9 - https:\/\/yoast.com\/wordpress\/plugins\/seo\/ -->\n<title>El model Affoltern Hospital Am Albis de Su\u00efssa basat en Artter\u00e0pia<\/title>\n<meta name=\"description\" content=\"Model Affoltern Hospital Am Albis de Su\u00efssa basat en Artter\u00e0pia, una visi\u00f3 hol\u00edstica integral de l&#039;\u00e9sser hum\u00e0: cos, \u00e0nima i esperit.\" \/>\n<meta name=\"robots\" content=\"index, follow, max-snippet:-1, max-image-preview:large, max-video-preview:-1\" \/>\n<link rel=\"canonical\" href=\"https:\/\/nuriamompin.com\/ca\/model-affoltern-hospital-am-albis-de-suissa-basat-en-la-artterapia\/\" \/>\n<meta property=\"og:locale\" content=\"ca_ES\" \/>\n<meta property=\"og:type\" content=\"article\" \/>\n<meta property=\"og:title\" content=\"El model Affoltern Hospital Am Albis de Su\u00efssa basat en Artter\u00e0pia\" \/>\n<meta property=\"og:description\" content=\"Model Affoltern Hospital Am Albis de Su\u00efssa basat en Artter\u00e0pia, una visi\u00f3 hol\u00edstica integral de l&#039;\u00e9sser hum\u00e0: cos, \u00e0nima i esperit.\" \/>\n<meta property=\"og:url\" content=\"https:\/\/nuriamompin.com\/ca\/model-affoltern-hospital-am-albis-de-suissa-basat-en-la-artterapia\/\" \/>\n<meta property=\"og:site_name\" content=\"N\u00faria Momp\u00edn Bustos\" \/>\n<meta property=\"article:published_time\" content=\"2023-01-16T10:36:00+00:00\" \/>\n<meta property=\"article:modified_time\" content=\"2026-08-25T10:53:46+00:00\" \/>\n<meta property=\"og:image\" content=\"https:\/\/nuriamompin.com\/wp-content\/uploads\/2023\/01\/nuria-mompin-1.jpg\" \/>\n\t<meta property=\"og:image:width\" content=\"1800\" \/>\n\t<meta property=\"og:image:height\" content=\"1200\" \/>\n\t<meta property=\"og:image:type\" content=\"image\/jpeg\" \/>\n<meta name=\"author\" content=\"N\u00faria Mompin Bustos\" \/>\n<meta name=\"twitter:card\" content=\"summary_large_image\" \/>\n<meta name=\"twitter:label1\" content=\"Escrit per\" \/>\n\t<meta name=\"twitter:data1\" content=\"N\u00faria Mompin Bustos\" \/>\n\t<meta name=\"twitter:label2\" content=\"Temps estimat de lectura\" \/>\n\t<meta name=\"twitter:data2\" content=\"5 minuts\" \/>\n<script type=\"application\/ld+json\" class=\"yoast-schema-graph\">{\"@context\":\"https:\/\/schema.org\",\"@graph\":[{\"@type\":\"WebPage\",\"@id\":\"https:\/\/nuriamompin.com\/ca\/model-affoltern-hospital-am-albis-de-suissa-basat-en-la-artterapia\/\",\"url\":\"https:\/\/nuriamompin.com\/ca\/model-affoltern-hospital-am-albis-de-suissa-basat-en-la-artterapia\/\",\"name\":\"El model Affoltern Hospital Am Albis de Su\u00efssa basat en Artter\u00e0pia\",\"isPartOf\":{\"@id\":\"https:\/\/nuriamompin.com\/ca\/#website\"},\"datePublished\":\"2023-01-16T10:36:00+00:00\",\"dateModified\":\"2026-08-25T10:53:46+00:00\",\"author\":{\"@id\":\"https:\/\/nuriamompin.com\/ca\/#\/schema\/person\/8b132de6bfe66d577c3f72363e7cf739\"},\"description\":\"Model Affoltern Hospital Am Albis de Su\u00efssa basat en Artter\u00e0pia, una visi\u00f3 hol\u00edstica integral de l'\u00e9sser hum\u00e0: cos, \u00e0nima i esperit.\",\"breadcrumb\":{\"@id\":\"https:\/\/nuriamompin.com\/ca\/model-affoltern-hospital-am-albis-de-suissa-basat-en-la-artterapia\/#breadcrumb\"},\"inLanguage\":\"ca\",\"potentialAction\":[{\"@type\":\"ReadAction\",\"target\":[\"https:\/\/nuriamompin.com\/ca\/model-affoltern-hospital-am-albis-de-suissa-basat-en-la-artterapia\/\"]}]},{\"@type\":\"BreadcrumbList\",\"@id\":\"https:\/\/nuriamompin.com\/ca\/model-affoltern-hospital-am-albis-de-suissa-basat-en-la-artterapia\/#breadcrumb\",\"itemListElement\":[{\"@type\":\"ListItem\",\"position\":1,\"name\":\"Home\",\"item\":\"https:\/\/nuriamompin.com\/ca\/\"},{\"@type\":\"ListItem\",\"position\":2,\"name\":\"El model Affoltern Hospital Am Albis de Su\u00efssa basat en la Artter\u00e0pia\"}]},{\"@type\":\"WebSite\",\"@id\":\"https:\/\/nuriamompin.com\/ca\/#website\",\"url\":\"https:\/\/nuriamompin.com\/ca\/\",\"name\":\"N\u00faria Momp\u00edn Bustos\",\"description\":\"Psic\u00f3loga y Arteterapeuta\",\"potentialAction\":[{\"@type\":\"SearchAction\",\"target\":{\"@type\":\"EntryPoint\",\"urlTemplate\":\"https:\/\/nuriamompin.com\/ca\/?s={search_term_string}\"},\"query-input\":\"required name=search_term_string\"}],\"inLanguage\":\"ca\"},{\"@type\":\"Person\",\"@id\":\"https:\/\/nuriamompin.com\/ca\/#\/schema\/person\/8b132de6bfe66d577c3f72363e7cf739\",\"name\":\"N\u00faria Mompin Bustos\",\"image\":{\"@type\":\"ImageObject\",\"inLanguage\":\"ca\",\"@id\":\"https:\/\/nuriamompin.com\/ca\/#\/schema\/person\/image\/\",\"url\":\"https:\/\/secure.gravatar.com\/avatar\/056bff7c2775e64b3d5986a71ce534c1?s=96&d=mm&r=g\",\"contentUrl\":\"https:\/\/secure.gravatar.com\/avatar\/056bff7c2775e64b3d5986a71ce534c1?s=96&d=mm&r=g\",\"caption\":\"N\u00faria Mompin Bustos\"},\"sameAs\":[\"https:\/\/nuriamompin.com\"]}]}<\/script>\n<!-- \/ Yoast SEO plugin. -->","yoast_head_json":{"title":"El model Affoltern Hospital Am Albis de Su\u00efssa basat en Artter\u00e0pia","description":"Model Affoltern Hospital Am Albis de Su\u00efssa basat en Artter\u00e0pia, una visi\u00f3 hol\u00edstica integral de l'\u00e9sser hum\u00e0: cos, \u00e0nima i esperit.","robots":{"index":"index","follow":"follow","max-snippet":"max-snippet:-1","max-image-preview":"max-image-preview:large","max-video-preview":"max-video-preview:-1"},"canonical":"https:\/\/nuriamompin.com\/ca\/model-affoltern-hospital-am-albis-de-suissa-basat-en-la-artterapia\/","og_locale":"ca_ES","og_type":"article","og_title":"El model Affoltern Hospital Am Albis de Su\u00efssa basat en Artter\u00e0pia","og_description":"Model Affoltern Hospital Am Albis de Su\u00efssa basat en Artter\u00e0pia, una visi\u00f3 hol\u00edstica integral de l'\u00e9sser hum\u00e0: cos, \u00e0nima i esperit.","og_url":"https:\/\/nuriamompin.com\/ca\/model-affoltern-hospital-am-albis-de-suissa-basat-en-la-artterapia\/","og_site_name":"N\u00faria Momp\u00edn Bustos","article_published_time":"2023-01-16T10:36:00+00:00","article_modified_time":"2026-08-25T10:53:46+00:00","og_image":[{"width":1800,"height":1200,"url":"https:\/\/nuriamompin.com\/wp-content\/uploads\/2023\/01\/nuria-mompin-1.jpg","type":"image\/jpeg"}],"author":"N\u00faria Mompin Bustos","twitter_card":"summary_large_image","twitter_misc":{"Escrit per":"N\u00faria Mompin Bustos","Temps estimat de lectura":"5 minuts"},"schema":{"@context":"https:\/\/schema.org","@graph":[{"@type":"WebPage","@id":"https:\/\/nuriamompin.com\/ca\/model-affoltern-hospital-am-albis-de-suissa-basat-en-la-artterapia\/","url":"https:\/\/nuriamompin.com\/ca\/model-affoltern-hospital-am-albis-de-suissa-basat-en-la-artterapia\/","name":"El model Affoltern Hospital Am Albis de Su\u00efssa basat en Artter\u00e0pia","isPartOf":{"@id":"https:\/\/nuriamompin.com\/ca\/#website"},"datePublished":"2023-01-16T10:36:00+00:00","dateModified":"2026-08-25T10:53:46+00:00","author":{"@id":"https:\/\/nuriamompin.com\/ca\/#\/schema\/person\/8b132de6bfe66d577c3f72363e7cf739"},"description":"Model Affoltern Hospital Am Albis de Su\u00efssa basat en Artter\u00e0pia, una visi\u00f3 hol\u00edstica integral de l'\u00e9sser hum\u00e0: cos, \u00e0nima i esperit.","breadcrumb":{"@id":"https:\/\/nuriamompin.com\/ca\/model-affoltern-hospital-am-albis-de-suissa-basat-en-la-artterapia\/#breadcrumb"},"inLanguage":"ca","potentialAction":[{"@type":"ReadAction","target":["https:\/\/nuriamompin.com\/ca\/model-affoltern-hospital-am-albis-de-suissa-basat-en-la-artterapia\/"]}]},{"@type":"BreadcrumbList","@id":"https:\/\/nuriamompin.com\/ca\/model-affoltern-hospital-am-albis-de-suissa-basat-en-la-artterapia\/#breadcrumb","itemListElement":[{"@type":"ListItem","position":1,"name":"Home","item":"https:\/\/nuriamompin.com\/ca\/"},{"@type":"ListItem","position":2,"name":"El model Affoltern Hospital Am Albis de Su\u00efssa basat en la Artter\u00e0pia"}]},{"@type":"WebSite","@id":"https:\/\/nuriamompin.com\/ca\/#website","url":"https:\/\/nuriamompin.com\/ca\/","name":"N\u00faria Momp\u00edn Bustos","description":"Psic\u00f3loga y Arteterapeuta","potentialAction":[{"@type":"SearchAction","target":{"@type":"EntryPoint","urlTemplate":"https:\/\/nuriamompin.com\/ca\/?s={search_term_string}"},"query-input":"required name=search_term_string"}],"inLanguage":"ca"},{"@type":"Person","@id":"https:\/\/nuriamompin.com\/ca\/#\/schema\/person\/8b132de6bfe66d577c3f72363e7cf739","name":"N\u00faria Mompin Bustos","image":{"@type":"ImageObject","inLanguage":"ca","@id":"https:\/\/nuriamompin.com\/ca\/#\/schema\/person\/image\/","url":"https:\/\/secure.gravatar.com\/avatar\/056bff7c2775e64b3d5986a71ce534c1?s=96&d=mm&r=g","contentUrl":"https:\/\/secure.gravatar.com\/avatar\/056bff7c2775e64b3d5986a71ce534c1?s=96&d=mm&r=g","caption":"N\u00faria Mompin Bustos"},"sameAs":["https:\/\/nuriamompin.com"]}]}},"_links":{"self":[{"href":"https:\/\/nuriamompin.com\/ca\/wp-json\/wp\/v2\/posts\/2718"}],"collection":[{"href":"https:\/\/nuriamompin.com\/ca\/wp-json\/wp\/v2\/posts"}],"about":[{"href":"https:\/\/nuriamompin.com\/ca\/wp-json\/wp\/v2\/types\/post"}],"author":[{"embeddable":true,"href":"https:\/\/nuriamompin.com\/ca\/wp-json\/wp\/v2\/users\/1"}],"replies":[{"embeddable":true,"href":"https:\/\/nuriamompin.com\/ca\/wp-json\/wp\/v2\/comments?post=2718"}],"version-history":[{"count":1,"href":"https:\/\/nuriamompin.com\/ca\/wp-json\/wp\/v2\/posts\/2718\/revisions"}],"predecessor-version":[{"id":3779,"href":"https:\/\/nuriamompin.com\/ca\/wp-json\/wp\/v2\/posts\/2718\/revisions\/3779"}],"wp:featuredmedia":[{"embeddable":true,"href":"https:\/\/nuriamompin.com\/ca\/wp-json\/wp\/v2\/media\/3789"}],"wp:attachment":[{"href":"https:\/\/nuriamompin.com\/ca\/wp-json\/wp\/v2\/media?parent=2718"}],"wp:term":[{"taxonomy":"category","embeddable":true,"href":"https:\/\/nuriamompin.com\/ca\/wp-json\/wp\/v2\/categories?post=2718"},{"taxonomy":"post_tag","embeddable":true,"href":"https:\/\/nuriamompin.com\/ca\/wp-json\/wp\/v2\/tags?post=2718"}],"curies":[{"name":"wp","href":"https:\/\/api.w.org\/{rel}","templated":true}]}}